{"id":87,"date":"2023-01-28T21:55:34","date_gmt":"2023-01-28T21:55:34","guid":{"rendered":"http:\/\/tinutulneamtului.ro\/?p=87"},"modified":"2023-01-28T21:56:06","modified_gmt":"2023-01-28T21:56:06","slug":"grupul-vocal-traditional-radacini-a-pregatit-surptize-de-sarbatori","status":"publish","type":"post","link":"https:\/\/tinutulneamtului.ro\/index.php\/2023\/01\/28\/grupul-vocal-traditional-radacini-a-pregatit-surptize-de-sarbatori\/","title":{"rendered":"Grupul Vocal Tradi\u021bional R\u0102D\u0102CINI a pregatit surprize de sarbatori"},"content":{"rendered":"\n<p>Mul\u021bumim &#8220;Party Media&#8221;, <a href=\"https:\/\/www.facebook.com\/petcu.george2?__cft__[0]=AZXUWEObupffxlUArC0SEhpdpqUBEDiJGIkPsoJaCnPYqLya_G86zGSpzg55iwjK3zJqa3a7c4CAN_x6RZVZVQDYYf12UfYuUxOewSE3cMVEBbVZUpjGw5Zxbo9mczZJitVSS4lcJgEk6KBLldX16zmxQ0852TTnXPdU3bFI__NqMVplnvyC9MlQDdjqS7X83zQthP4QcPrQD-zU7H3iulIE&amp;__tn__=-]K-y-R\">Petcu George<\/a> \u0219i <a href=\"https:\/\/www.facebook.com\/r0bb3rt0?__cft__[0]=AZXUWEObupffxlUArC0SEhpdpqUBEDiJGIkPsoJaCnPYqLya_G86zGSpzg55iwjK3zJqa3a7c4CAN_x6RZVZVQDYYf12UfYuUxOewSE3cMVEBbVZUpjGw5Zxbo9mczZJitVSS4lcJgEk6KBLldX16zmxQ0852TTnXPdU3bFI__NqMVplnvyC9MlQDdjqS7X83zQthP4QcPrQD-zU7H3iulIE&amp;__tn__=-]K-y-R\">Roberto Despoiu<\/a> pentru ajutor \u00een a da lumin\u0103 \u0219i culoare unui proiect amplu! \u00cempreun\u0103 facem c\u00e2ntecul s\u0103 se \u0219i vad\u0103, nu doar s\u0103 se aud\u0103!Mai sunt multe de spus \u0219i de mul\u021bumit&#8230; <a href=\"https:\/\/www.facebook.com\/nastase.cristian.7?__cft__[0]=AZXUWEObupffxlUArC0SEhpdpqUBEDiJGIkPsoJaCnPYqLya_G86zGSpzg55iwjK3zJqa3a7c4CAN_x6RZVZVQDYYf12UfYuUxOewSE3cMVEBbVZUpjGw5Zxbo9mczZJitVSS4lcJgEk6KBLldX16zmxQ0852TTnXPdU3bFI__NqMVplnvyC9MlQDdjqS7X83zQthP4QcPrQD-zU7H3iulIE&amp;__tn__=-]K-y-R\">Nastase Cristian<\/a> dirijorul ce a orchestrat minunatele colinde ce or s\u0103 vin\u0103, <a href=\"https:\/\/www.facebook.com\/yoana.ana.7?__cft__[0]=AZXUWEObupffxlUArC0SEhpdpqUBEDiJGIkPsoJaCnPYqLya_G86zGSpzg55iwjK3zJqa3a7c4CAN_x6RZVZVQDYYf12UfYuUxOewSE3cMVEBbVZUpjGw5Zxbo9mczZJitVSS4lcJgEk6KBLldX16zmxQ0852TTnXPdU3bFI__NqMVplnvyC9MlQDdjqS7X83zQthP4QcPrQD-zU7H3iulIE&amp;__tn__=-]K-y-R\">Ioana Stoleru<\/a> , textier des\u0103v\u00e2r\u0219it, un excelent colaborator, RBA- Radu Baron, studio, \u00eenregistr\u0103ri \u0219i promovare!<\/p>\n\n\n\n<figure class=\"wp-block-embed is-type-video is-provider-youtube wp-block-embed-youtube wp-embed-aspect-16-9 wp-has-aspect-ratio\"><div class=\"wp-block-embed__wrapper\">\n<iframe loading=\"lazy\" title=\"Ana Ramona Urjan &amp; Andrei Nicolae Chelba &amp; Alexandru Staicu - Bate v\u00e2ntul, bate | Colind 2022\" width=\"640\" height=\"360\" src=\"https:\/\/www.youtube.com\/embed\/O4j27UY8fUo?feature=oembed\" frameborder=\"0\" allow=\"accelerometer; autoplay; clipboard-write; encrypted-media; gyroscope; picture-in-picture; web-share\" referrerpolicy=\"strict-origin-when-cross-origin\" allowfullscreen><\/iframe>\n<\/div><\/figure>\n\n\n\n<figure class=\"wp-block-embed is-type-video is-provider-youtube wp-block-embed-youtube wp-embed-aspect-16-9 wp-has-aspect-ratio\"><div class=\"wp-block-embed__wrapper\">\n<iframe loading=\"lazy\" title=\"Colaj Colinde Traditionale Rom\u00e2ne\u0219ti | Grupul Vocal Tradi\u021bional R\u0103d\u0103cini @Party-Media\" width=\"640\" height=\"360\" src=\"https:\/\/www.youtube.com\/embed\/tumHiwF4nW4?feature=oembed\" frameborder=\"0\" allow=\"accelerometer; autoplay; clipboard-write; encrypted-media; gyroscope; picture-in-picture; web-share\" referrerpolicy=\"strict-origin-when-cross-origin\" allowfullscreen><\/iframe>\n<\/div><\/figure>\n\n\n\n<figure class=\"wp-block-embed is-type-video is-provider-youtube wp-block-embed-youtube wp-embed-aspect-16-9 wp-has-aspect-ratio\"><div class=\"wp-block-embed__wrapper\">\n<iframe loading=\"lazy\" title=\"Grupul Vocal Tradi\u021bional R\u0103d\u0103cini - Lumina, Lumina Mare | Colind 2022 @Party-Media\" width=\"640\" height=\"360\" src=\"https:\/\/www.youtube.com\/embed\/zooe1WyVvok?feature=oembed\" frameborder=\"0\" allow=\"accelerometer; autoplay; clipboard-write; encrypted-media; gyroscope; picture-in-picture; web-share\" referrerpolicy=\"strict-origin-when-cross-origin\" allowfullscreen><\/iframe>\n<\/div><\/figure>\n\n\n\n<figure class=\"wp-block-embed is-type-video is-provider-youtube wp-block-embed-youtube wp-embed-aspect-16-9 wp-has-aspect-ratio\"><div class=\"wp-block-embed__wrapper\">\n<iframe loading=\"lazy\" title=\"Maria Vasile - Cand vine Cr\u0103ciunul Sf\u00e2nt | Colind 2022 @Party-Media\" width=\"640\" height=\"360\" src=\"https:\/\/www.youtube.com\/embed\/-AOcnM825Uk?feature=oembed\" frameborder=\"0\" allow=\"accelerometer; autoplay; clipboard-write; encrypted-media; gyroscope; picture-in-picture; web-share\" referrerpolicy=\"strict-origin-when-cross-origin\" allowfullscreen><\/iframe>\n<\/div><\/figure>\n\n\n\n<figure class=\"wp-block-embed is-type-video is-provider-youtube wp-block-embed-youtube wp-embed-aspect-16-9 wp-has-aspect-ratio\"><div class=\"wp-block-embed__wrapper\">\n<iframe loading=\"lazy\" title=\"Maria Vasile &amp; Ioana Agnia Cojocariu &amp; Timeea Maria Paraschivoiu - Floarea cea de m\u0103r | Colind 2022\" width=\"640\" height=\"360\" src=\"https:\/\/www.youtube.com\/embed\/5fzqVMBrww8?feature=oembed\" frameborder=\"0\" allow=\"accelerometer; autoplay; clipboard-write; encrypted-media; gyroscope; picture-in-picture; web-share\" referrerpolicy=\"strict-origin-when-cross-origin\" allowfullscreen><\/iframe>\n<\/div><\/figure>\n","protected":false},"excerpt":{"rendered":"<p>Mul\u021bumim &#8220;Party Media&#8221;, Petcu George \u0219i Roberto Despoiu pentru ajutor \u00een a da lumin\u0103 \u0219i culoare unui proiect amplu! \u00cempreun\u0103 [&hellip;]<\/p>\n","protected":false},"author":1,"featured_media":84,"comment_status":"open","ping_status":"open","sticky":false,"template":"","format":"standard","meta":{"_seopress_robots_primary_cat":"","_seopress_titles_title":"","_seopress_titles_desc":"","_seopress_robots_index":"","_monsterinsights_skip_tracking":false,"_monsterinsights_sitenote_active":false,"_monsterinsights_sitenote_note":"","_monsterinsights_sitenote_category":0,"footnotes":""},"categories":[9],"tags":[],"class_list":["post-87","post","type-post","status-publish","format-standard","has-post-thumbnail","hentry","category-proiecte"],"_links":{"self":[{"href":"https:\/\/tinutulneamtului.ro\/index.php\/wp-json\/wp\/v2\/posts\/87","targetHints":{"allow":["GET"]}}],"collection":[{"href":"https:\/\/tinutulneamtului.ro\/index.php\/wp-json\/wp\/v2\/posts"}],"about":[{"href":"https:\/\/tinutulneamtului.ro\/index.php\/wp-json\/wp\/v2\/types\/post"}],"author":[{"embeddable":true,"href":"https:\/\/tinutulneamtului.ro\/index.php\/wp-json\/wp\/v2\/users\/1"}],"replies":[{"embeddable":true,"href":"https:\/\/tinutulneamtului.ro\/index.php\/wp-json\/wp\/v2\/comments?post=87"}],"version-history":[{"count":2,"href":"https:\/\/tinutulneamtului.ro\/index.php\/wp-json\/wp\/v2\/posts\/87\/revisions"}],"predecessor-version":[{"id":89,"href":"https:\/\/tinutulneamtului.ro\/index.php\/wp-json\/wp\/v2\/posts\/87\/revisions\/89"}],"wp:featuredmedia":[{"embeddable":true,"href":"https:\/\/tinutulneamtului.ro\/index.php\/wp-json\/wp\/v2\/media\/84"}],"wp:attachment":[{"href":"https:\/\/tinutulneamtului.ro\/index.php\/wp-json\/wp\/v2\/media?parent=87"}],"wp:term":[{"taxonomy":"category","embeddable":true,"href":"https:\/\/tinutulneamtului.ro\/index.php\/wp-json\/wp\/v2\/categories?post=87"},{"taxonomy":"post_tag","embeddable":true,"href":"https:\/\/tinutulneamtului.ro\/index.php\/wp-json\/wp\/v2\/tags?post=87"}],"curies":[{"name":"wp","href":"https:\/\/api.w.org\/{rel}","templated":true}]}}