{"id":78,"date":"2022-08-01T11:06:07","date_gmt":"2022-08-01T11:06:07","guid":{"rendered":"http:\/\/tinutulneamtului.ro\/?p=78"},"modified":"2022-08-01T11:06:08","modified_gmt":"2022-08-01T11:06:08","slug":"la-etno-tv","status":"publish","type":"post","link":"https:\/\/tinutulneamtului.ro\/index.php\/2022\/08\/01\/la-etno-tv\/","title":{"rendered":"La Etno Tv"},"content":{"rendered":"\n<p>Pe drumul c\u00e2ntecului popular am pornit si noi, ne ad\u0103ug\u0103m pe r\u00e2nd, an de an ne \u00eennoim, cre\u0219tem frumos \u0219i c\u0103ut\u0103m s\u0103 p\u0103str\u0103m mesajul autentic al c\u00e2ntecului rom\u00e2nesc cu grij\u0103, d\u0103ruind de fiecare dat\u0103 c\u00e2te pu\u021bin din sufletul nostru celor care ne ascult\u0103! M\u00e2ine sear\u0103 la Etno TV, la ora 20:30!<\/p>\n\n\n\n<figure class=\"wp-block-gallery has-nested-images columns-default is-cropped wp-block-gallery-1 is-layout-flex wp-block-gallery-is-layout-flex\">\n<figure class=\"wp-block-image size-large\"><img loading=\"lazy\" decoding=\"async\" width=\"720\" height=\"784\" data-id=\"81\" src=\"http:\/\/tinutulneamtului.ro\/wp-content\/uploads\/2022\/08\/etno-2.jpg\" alt=\"\" class=\"wp-image-81\" srcset=\"https:\/\/tinutulneamtului.ro\/wp-content\/uploads\/2022\/08\/etno-2.jpg 720w, https:\/\/tinutulneamtului.ro\/wp-content\/uploads\/2022\/08\/etno-2-276x300.jpg 276w\" sizes=\"auto, (max-width: 720px) 100vw, 720px\" \/><\/figure>\n\n\n\n<figure class=\"wp-block-image size-large\"><img loading=\"lazy\" decoding=\"async\" width=\"490\" height=\"960\" data-id=\"80\" src=\"http:\/\/tinutulneamtului.ro\/wp-content\/uploads\/2022\/08\/etno.jpg\" alt=\"\" class=\"wp-image-80\" srcset=\"https:\/\/tinutulneamtului.ro\/wp-content\/uploads\/2022\/08\/etno.jpg 490w, https:\/\/tinutulneamtului.ro\/wp-content\/uploads\/2022\/08\/etno-153x300.jpg 153w\" sizes=\"auto, (max-width: 490px) 100vw, 490px\" \/><\/figure>\n<\/figure>\n","protected":false},"excerpt":{"rendered":"<p>Pe drumul c\u00e2ntecului popular am pornit si noi, ne ad\u0103ug\u0103m pe r\u00e2nd, an de an ne \u00eennoim, cre\u0219tem frumos \u0219i [&hellip;]<\/p>\n","protected":false},"author":1,"featured_media":81,"comment_status":"open","ping_status":"open","sticky":false,"template":"","format":"standard","meta":{"_seopress_robots_primary_cat":"","_seopress_titles_title":"","_seopress_titles_desc":"","_seopress_robots_index":"","_monsterinsights_skip_tracking":false,"_monsterinsights_sitenote_active":false,"_monsterinsights_sitenote_note":"","_monsterinsights_sitenote_category":0,"footnotes":""},"categories":[4],"tags":[],"class_list":["post-78","post","type-post","status-publish","format-standard","has-post-thumbnail","hentry","category-aparitii-tv"],"_links":{"self":[{"href":"https:\/\/tinutulneamtului.ro\/index.php\/wp-json\/wp\/v2\/posts\/78","targetHints":{"allow":["GET"]}}],"collection":[{"href":"https:\/\/tinutulneamtului.ro\/index.php\/wp-json\/wp\/v2\/posts"}],"about":[{"href":"https:\/\/tinutulneamtului.ro\/index.php\/wp-json\/wp\/v2\/types\/post"}],"author":[{"embeddable":true,"href":"https:\/\/tinutulneamtului.ro\/index.php\/wp-json\/wp\/v2\/users\/1"}],"replies":[{"embeddable":true,"href":"https:\/\/tinutulneamtului.ro\/index.php\/wp-json\/wp\/v2\/comments?post=78"}],"version-history":[{"count":1,"href":"https:\/\/tinutulneamtului.ro\/index.php\/wp-json\/wp\/v2\/posts\/78\/revisions"}],"predecessor-version":[{"id":82,"href":"https:\/\/tinutulneamtului.ro\/index.php\/wp-json\/wp\/v2\/posts\/78\/revisions\/82"}],"wp:featuredmedia":[{"embeddable":true,"href":"https:\/\/tinutulneamtului.ro\/index.php\/wp-json\/wp\/v2\/media\/81"}],"wp:attachment":[{"href":"https:\/\/tinutulneamtului.ro\/index.php\/wp-json\/wp\/v2\/media?parent=78"}],"wp:term":[{"taxonomy":"category","embeddable":true,"href":"https:\/\/tinutulneamtului.ro\/index.php\/wp-json\/wp\/v2\/categories?post=78"},{"taxonomy":"post_tag","embeddable":true,"href":"https:\/\/tinutulneamtului.ro\/index.php\/wp-json\/wp\/v2\/tags?post=78"}],"curies":[{"name":"wp","href":"https:\/\/api.w.org\/{rel}","templated":true}]}}