{"id":41,"date":"2022-03-25T16:45:43","date_gmt":"2022-03-25T16:45:43","guid":{"rendered":"http:\/\/tinutulneamtului.ro\/?p=41"},"modified":"2022-03-25T16:45:45","modified_gmt":"2022-03-25T16:45:45","slug":"concert-de-pricesne-emisiune-pe-canal-youtube-lumina-cuvantului-in-saptamana-patimilor-2021","status":"publish","type":"post","link":"https:\/\/tinutulneamtului.ro\/index.php\/2022\/03\/25\/concert-de-pricesne-emisiune-pe-canal-youtube-lumina-cuvantului-in-saptamana-patimilor-2021\/","title":{"rendered":"Concert de Pricesne, emisiune pe canal YouTube, Lumina Cuvantului, in S\u0103pt\u0103m\u00e2n\u0103 Patimilor 2021."},"content":{"rendered":"\n<p>Concert de Pricesne, emisiune pe canal YouTube, Lumina Cuvantului, in S\u0103pt\u0103m\u00e2n\u0103 Patimilor 2021.<\/p>\n\n\n\n<p><\/p>\n\n\n\n<figure class=\"wp-block-gallery has-nested-images columns-default is-cropped wp-block-gallery-1 is-layout-flex wp-block-gallery-is-layout-flex\">\n<figure class=\"wp-block-image size-large\"><img loading=\"lazy\" decoding=\"async\" width=\"1024\" height=\"461\" data-id=\"44\" src=\"http:\/\/tinutulneamtului.ro\/wp-content\/uploads\/2022\/03\/27ab619b-6d4a-4d2d-887e-c611f39b0f13-1-1024x461.jpg\" alt=\"\" class=\"wp-image-44\" srcset=\"https:\/\/tinutulneamtului.ro\/wp-content\/uploads\/2022\/03\/27ab619b-6d4a-4d2d-887e-c611f39b0f13-1-1024x461.jpg 1024w, https:\/\/tinutulneamtului.ro\/wp-content\/uploads\/2022\/03\/27ab619b-6d4a-4d2d-887e-c611f39b0f13-1-300x135.jpg 300w, https:\/\/tinutulneamtului.ro\/wp-content\/uploads\/2022\/03\/27ab619b-6d4a-4d2d-887e-c611f39b0f13-1-768x345.jpg 768w, https:\/\/tinutulneamtului.ro\/wp-content\/uploads\/2022\/03\/27ab619b-6d4a-4d2d-887e-c611f39b0f13-1-1536x691.jpg 1536w, https:\/\/tinutulneamtului.ro\/wp-content\/uploads\/2022\/03\/27ab619b-6d4a-4d2d-887e-c611f39b0f13-1.jpg 2048w\" sizes=\"auto, (max-width: 1024px) 100vw, 1024px\" \/><\/figure>\n\n\n\n<figure class=\"wp-block-image size-large\"><img loading=\"lazy\" decoding=\"async\" width=\"1024\" height=\"461\" data-id=\"45\" src=\"http:\/\/tinutulneamtului.ro\/wp-content\/uploads\/2022\/03\/50b057dc-74fb-43a6-85e8-58154a108373-1024x461.jpg\" alt=\"\" class=\"wp-image-45\" srcset=\"https:\/\/tinutulneamtului.ro\/wp-content\/uploads\/2022\/03\/50b057dc-74fb-43a6-85e8-58154a108373-1024x461.jpg 1024w, https:\/\/tinutulneamtului.ro\/wp-content\/uploads\/2022\/03\/50b057dc-74fb-43a6-85e8-58154a108373-300x135.jpg 300w, https:\/\/tinutulneamtului.ro\/wp-content\/uploads\/2022\/03\/50b057dc-74fb-43a6-85e8-58154a108373-768x345.jpg 768w, https:\/\/tinutulneamtului.ro\/wp-content\/uploads\/2022\/03\/50b057dc-74fb-43a6-85e8-58154a108373-1536x691.jpg 1536w, https:\/\/tinutulneamtului.ro\/wp-content\/uploads\/2022\/03\/50b057dc-74fb-43a6-85e8-58154a108373.jpg 2048w\" sizes=\"auto, (max-width: 1024px) 100vw, 1024px\" \/><\/figure>\n\n\n\n<figure class=\"wp-block-image size-large\"><img loading=\"lazy\" decoding=\"async\" width=\"1024\" height=\"461\" data-id=\"43\" src=\"http:\/\/tinutulneamtului.ro\/wp-content\/uploads\/2022\/03\/asociatia-tinutul-neamtului-2-1024x461.jpg\" alt=\"\" class=\"wp-image-43\" srcset=\"https:\/\/tinutulneamtului.ro\/wp-content\/uploads\/2022\/03\/asociatia-tinutul-neamtului-2-1024x461.jpg 1024w, https:\/\/tinutulneamtului.ro\/wp-content\/uploads\/2022\/03\/asociatia-tinutul-neamtului-2-300x135.jpg 300w, https:\/\/tinutulneamtului.ro\/wp-content\/uploads\/2022\/03\/asociatia-tinutul-neamtului-2-768x345.jpg 768w, https:\/\/tinutulneamtului.ro\/wp-content\/uploads\/2022\/03\/asociatia-tinutul-neamtului-2-1536x691.jpg 1536w, https:\/\/tinutulneamtului.ro\/wp-content\/uploads\/2022\/03\/asociatia-tinutul-neamtului-2.jpg 2048w\" sizes=\"auto, (max-width: 1024px) 100vw, 1024px\" \/><\/figure>\n<\/figure>\n","protected":false},"excerpt":{"rendered":"<p>Concert de Pricesne, emisiune pe canal YouTube, Lumina Cuvantului, in S\u0103pt\u0103m\u00e2n\u0103 Patimilor 2021.<\/p>\n","protected":false},"author":1,"featured_media":42,"comment_status":"open","ping_status":"open","sticky":false,"template":"","format":"standard","meta":{"_seopress_robots_primary_cat":"","_seopress_titles_title":"","_seopress_titles_desc":"","_seopress_robots_index":"","_monsterinsights_skip_tracking":false,"_monsterinsights_sitenote_active":false,"_monsterinsights_sitenote_note":"","_monsterinsights_sitenote_category":0,"footnotes":""},"categories":[4],"tags":[],"class_list":["post-41","post","type-post","status-publish","format-standard","has-post-thumbnail","hentry","category-aparitii-tv"],"_links":{"self":[{"href":"https:\/\/tinutulneamtului.ro\/index.php\/wp-json\/wp\/v2\/posts\/41","targetHints":{"allow":["GET"]}}],"collection":[{"href":"https:\/\/tinutulneamtului.ro\/index.php\/wp-json\/wp\/v2\/posts"}],"about":[{"href":"https:\/\/tinutulneamtului.ro\/index.php\/wp-json\/wp\/v2\/types\/post"}],"author":[{"embeddable":true,"href":"https:\/\/tinutulneamtului.ro\/index.php\/wp-json\/wp\/v2\/users\/1"}],"replies":[{"embeddable":true,"href":"https:\/\/tinutulneamtului.ro\/index.php\/wp-json\/wp\/v2\/comments?post=41"}],"version-history":[{"count":1,"href":"https:\/\/tinutulneamtului.ro\/index.php\/wp-json\/wp\/v2\/posts\/41\/revisions"}],"predecessor-version":[{"id":46,"href":"https:\/\/tinutulneamtului.ro\/index.php\/wp-json\/wp\/v2\/posts\/41\/revisions\/46"}],"wp:featuredmedia":[{"embeddable":true,"href":"https:\/\/tinutulneamtului.ro\/index.php\/wp-json\/wp\/v2\/media\/42"}],"wp:attachment":[{"href":"https:\/\/tinutulneamtului.ro\/index.php\/wp-json\/wp\/v2\/media?parent=41"}],"wp:term":[{"taxonomy":"category","embeddable":true,"href":"https:\/\/tinutulneamtului.ro\/index.php\/wp-json\/wp\/v2\/categories?post=41"},{"taxonomy":"post_tag","embeddable":true,"href":"https:\/\/tinutulneamtului.ro\/index.php\/wp-json\/wp\/v2\/tags?post=41"}],"curies":[{"name":"wp","href":"https:\/\/api.w.org\/{rel}","templated":true}]}}