{"id":369,"date":"2025-11-17T13:08:41","date_gmt":"2025-11-17T13:08:41","guid":{"rendered":"https:\/\/tinutulneamtului.ro\/?p=369"},"modified":"2025-12-20T07:01:32","modified_gmt":"2025-12-20T07:01:32","slug":"flori-dalbe-flori-de-mar-editia-a-ii-a-2025","status":"publish","type":"post","link":"https:\/\/tinutulneamtului.ro\/index.php\/2025\/11\/17\/flori-dalbe-flori-de-mar-editia-a-ii-a-2025\/","title":{"rendered":"&#8220;Flori dalbe, flori de mar&#8221; editia a II a 2025"},"content":{"rendered":"\n<p>Te a\u0219tept\u0103m la a II a editie a concursului de colinde &#8220;Flori dalbe, Flori de mar&#8221; s\u0103 aducem \u00eempreun\u0103 bucuria Cr\u0103ciunului, \u00eentr-un concurs de interpretare vocal\u0103 dedicat colindelor rom\u00e2ne\u0219ti tradi\u021bionale \u0219i interna\u021bionale! \u00cen cadrul acestei competi\u021bii, participan\u021bii vor \u00eenc\u00e2nta publicul cu vocile lor, red\u00e2nd magia \u0219i c\u0103ldura s\u0103rb\u0103torilor prin colinde ce re\u00eenvie tradi\u021bii str\u0103vechi \u0219i c\u00e2ntece de iarn\u0103 din \u00eentreaga lume.<\/p>\n\n\n\n<p><strong>Data concursului:<\/strong>&nbsp;19 decembrie 2025<br><strong>Loca\u021bie:<\/strong>&nbsp;Colegiul Na\u021bional Mihai Viteazul, Bulevardul Pache Protopopescu nr. 62, Sector 2, Bucure\u0219ti<\/p>\n\n\n\n<p><strong>\u00censcrieri deschise p\u00e2n\u0103 pe 15 decembrie<\/strong><\/p>\n\n\n\n<p><strong>Organizatori<\/strong><\/p>\n\n\n\n<ul class=\"wp-block-list\">\n<li>Asociatia Culturala Tinutul Neamtului prin presedinte Ana Ramona Urjan<\/li>\n\n\n\n<li>Radu Baron \u2013 Impresar si CEO RBA Music<\/li>\n<\/ul>\n\n\n\n<p><strong>Regulament<\/strong><\/p>\n\n\n\n<p>\u00cen cadrul concursului de colinde \u201eFlori dalbe, flori de m\u0103r\u201d pot participa copii \u0219i tineri din \u0219coli populare de art\u0103, licee cu profil voca\u021bional, \u0219coli private, precum \u0219i tineri amatori care doresc s\u0103-\u0219i arate talentul \u00een interpretarea colindelor tradi\u021bionale \u0219i interna\u021bionale. Concursul este deschis at\u00e2t soli\u0219tilor vocali, c\u00e2t \u0219i grupurilor care promoveaza datinile, oferindu-le oportunitatea de a se remarca \u0219i de a \u00eemp\u0103rt\u0103\u0219i bucuria s\u0103rb\u0103torilor \u00eentr-un cadru festiv.<\/p>\n\n\n\n<h3 class=\"wp-block-heading\">Sectiuni<\/h3>\n\n\n\n<ol class=\"wp-block-list\">\n<li><strong>Sec\u021biunea solisti vocali<\/strong><\/li>\n\n\n\n<li><strong>Sec\u021biunea Datini<\/strong> <strong>si obiceiuri<\/strong><\/li>\n<\/ol>\n\n\n\n<p>Sectiunea \u201cDatini si obiceiuri\u201d este dedicat\u0103 prezent\u0103rii tradi\u021biilor rom\u00e2ne\u0219ti de iarn\u0103, specifice perioadei s\u0103rb\u0103torilor de Cr\u0103ciun \u0219i Anul Nou. Participan\u021bii au posibilitatea de a aduce \u00een fa\u021ba publicului momente autentice din obiceiurile populare, cum ar fi:&nbsp;<strong>Plugu\u0219orul, Sorcova, Capra, Jocul Ursului<\/strong>&nbsp;\u0219i alte tradi\u021bii reprezentative pentru folclorul rom\u00e2nesc. Scopul acestei sec\u021biuni este de a valorifica \u0219i transmite mai departe elementele de patrimoniu cultural care dau identitate \u0219i profunzime s\u0103rb\u0103torilor noastre de iarn\u0103.<\/p>\n\n\n\n<p>Pentru sec\u021biunea Soli\u0219ti Vocali, dac\u0103 un concurent dore\u0219te s\u0103 participe at\u00e2t cu colind tradi\u021bional (muzic\u0103 popular\u0103), c\u00e2t \u0219i cu colind de muzic\u0103 u\u0219oar\u0103 (rom\u00e2neasc\u0103 sau interna\u021bional\u0103) va achita taxa aferent\u0103 fiecarei piese interpretat\u0103 \u00een concurs, respectiv 200 lei\/colind.<\/p>\n\n\n\n<p><strong>Not\u0103:<\/strong>&nbsp;Pentru sec\u021biunea \u201eDatini \u0219i Obiceiuri\u201d nu exist\u0103 limit\u0103 de v\u00e2rst\u0103, fiind deschis\u0103 tuturor celor care doresc s\u0103 celebreze \u0219i s\u0103 \u00eemp\u0103rt\u0103\u0219easc\u0103 tradi\u021biile rom\u00e2ne\u0219ti de iarn\u0103.<\/p>\n\n\n\n<p><strong>Categorii de V\u00e2rst\u0103<\/strong><\/p>\n\n\n\n<p><strong>Grupa I:<\/strong>&nbsp;6-8 ani<\/p>\n\n\n\n<p><strong>Grupa II:<\/strong>&nbsp;9-11 ani<\/p>\n\n\n\n<p><strong>Grupa III:<\/strong>&nbsp;12-14 ani<\/p>\n\n\n\n<p><strong>Grupa IV:<\/strong>&nbsp;15-18 ani<\/p>\n\n\n\n<h3 class=\"wp-block-heading\">Repertoriu<\/h3>\n\n\n\n<ul class=\"wp-block-list\">\n<li><strong>Colinde Rom\u00e2ne\u0219ti Tradi\u021bionale<\/strong><\/li>\n\n\n\n<li>&nbsp;<strong>Colinde muzica usoara sau colinde internationale.<\/strong><\/li>\n\n\n\n<li><strong>Datini si obiceiuri<\/strong><\/li>\n<\/ul>\n\n\n\n<p>Fiecare concurent va interpreta o singur\u0103 pies\u0103, iar momentul de datini si obiceiuri nu va depasi 15 minute.<\/p>\n\n\n\n<p><strong>Premiile:<\/strong><\/p>\n\n\n\n<p><strong>Trofeul \u201eFlori dalbe, Flori de mar\u201d pentru sec\u021biunea Solisti vocali <\/strong><br><strong>Trofeul \u201eFlori dalbe, Flori de mar\u201d pentru sec\u021biunea Datini si obiceiuri <\/strong><\/p>\n\n\n\n<p><strong>Marele Premiu al Grupei<\/strong>&nbsp;\u2013 acordat celui mai remarcabil participant din fiecare grup\u0103 de v\u00e2rst\u0103<br><strong>Premiul I de Excelen\u021b\u0103<\/strong>&nbsp;\u2013 pentru interpretarea excep\u021bional\u0103 a unui colind<br><strong>Premiile I, II, III<\/strong>&nbsp;\u2013 pentru fiecare grup\u0103 de v\u00e2rst\u0103 \u0219i fiecare sec\u021biune<\/p>\n\n\n\n<p><strong>La finalul concursului, toti copiii vor beneficia de cadouri de craciun!<\/strong><\/p>\n\n\n\n<p><strong>Juriul<\/strong>:<\/p>\n\n\n\n<ul class=\"wp-block-list\">\n<li><strong>Ana Ramona Urjan<\/strong>&nbsp;\u2013 Presedintele Asociatiei Culturale \u201cTinutul Neamtului\u201d, interpreta de muzica populara si profesor canto popular in cadrul colegiului Dinu Lipatti.<\/li>\n\n\n\n<li>Radu Baron &#8211; Manager artistic si impresar la casa de discuri Rba Music.<\/li>\n\n\n\n<li>Jurat surpriza<\/li>\n<\/ul>\n\n\n\n<p><strong>Inscrierea:<\/strong><\/p>\n\n\n\n<p>Inscrierea se face completand formularul de mai jos, cu toate cerintele necesare. Inainte sa incepeti a completa formularul, asigurati-va ca aveti achitata donatia de inscriere in concurs in valoare de&nbsp;<strong>200 de lei<\/strong>&nbsp;pentru sectiunea individual,&nbsp;<strong>50 de lei\/persoana pentru sectiunea datini si obiceiuri<\/strong>, in contul&nbsp;<strong>RO59BRDE441SV37650954410<\/strong>&nbsp;cu specificatia&nbsp;<strong>donatie inscriere concurs<\/strong>,&nbsp;<strong>beneficiar<\/strong>&nbsp;<strong>Asociatia Culturala Tinutul Neamtului<\/strong>, numele concurentului si participare concurs.<\/p>\n\n\n\n<p>Dovada platii se va incarca in formularul de inscriere, precum si negativul in format mp3 sau wav.<\/p>\n\n\n\n<p>In cazul in care negativul depaseste dimensiunea acceptata de catre formular, il puteti incarca pe whatsapp la numarul 0799.428.744 sau cu link de wetransfer.<\/p>\n\n\n\n<p><strong>Organizatorii isi rezerva dreptul de a folosi materialul muzical prezentat in concurs, de catre concurenti, in vederea promovarii evenimentului artistic.<\/strong>&nbsp;<strong>Completand formularul de inscriere va exprimati acordul privind prelucrarea datelor personale si promovarea imaginilor pe retelele social media si canalele tv pe care se va promova festivalul.<\/strong><\/p>\n\n\n\n<p><strong>Organizatorul isi rezerva dreptul de a oferi si alte premii speciale concurentilor, precum semnarea unui contract de impresariat<\/strong>.<\/p>\n\n\n\n<p>Confirmarea inscrierilor se va trimite in maxim 24 de ore de la trimiterea formularului.<\/p>\n\n\n\n<p><strong>De asemenea incarcati in formular o poza cu artistul si cateva cuvinte pentru a li se face prezentarea pe paginile noastre de social media.<\/strong><\/p>\n","protected":false},"excerpt":{"rendered":"<p>Te a\u0219tept\u0103m la a II a editie a concursului de colinde &#8220;Flori dalbe, Flori de mar&#8221; s\u0103 aducem \u00eempreun\u0103 bucuria [&hellip;]<\/p>\n","protected":false},"author":1,"featured_media":372,"comment_status":"open","ping_status":"open","sticky":false,"template":"","format":"standard","meta":{"_seopress_robots_primary_cat":"none","_seopress_titles_title":"","_seopress_titles_desc":"","_seopress_robots_index":"","_monsterinsights_skip_tracking":false,"_monsterinsights_sitenote_active":false,"_monsterinsights_sitenote_note":"","_monsterinsights_sitenote_category":0,"footnotes":""},"categories":[1],"tags":[],"class_list":["post-369","post","type-post","status-publish","format-standard","has-post-thumbnail","hentry","category-uncategorized"],"_links":{"self":[{"href":"https:\/\/tinutulneamtului.ro\/index.php\/wp-json\/wp\/v2\/posts\/369","targetHints":{"allow":["GET"]}}],"collection":[{"href":"https:\/\/tinutulneamtului.ro\/index.php\/wp-json\/wp\/v2\/posts"}],"about":[{"href":"https:\/\/tinutulneamtului.ro\/index.php\/wp-json\/wp\/v2\/types\/post"}],"author":[{"embeddable":true,"href":"https:\/\/tinutulneamtului.ro\/index.php\/wp-json\/wp\/v2\/users\/1"}],"replies":[{"embeddable":true,"href":"https:\/\/tinutulneamtului.ro\/index.php\/wp-json\/wp\/v2\/comments?post=369"}],"version-history":[{"count":8,"href":"https:\/\/tinutulneamtului.ro\/index.php\/wp-json\/wp\/v2\/posts\/369\/revisions"}],"predecessor-version":[{"id":388,"href":"https:\/\/tinutulneamtului.ro\/index.php\/wp-json\/wp\/v2\/posts\/369\/revisions\/388"}],"wp:featuredmedia":[{"embeddable":true,"href":"https:\/\/tinutulneamtului.ro\/index.php\/wp-json\/wp\/v2\/media\/372"}],"wp:attachment":[{"href":"https:\/\/tinutulneamtului.ro\/index.php\/wp-json\/wp\/v2\/media?parent=369"}],"wp:term":[{"taxonomy":"category","embeddable":true,"href":"https:\/\/tinutulneamtului.ro\/index.php\/wp-json\/wp\/v2\/categories?post=369"},{"taxonomy":"post_tag","embeddable":true,"href":"https:\/\/tinutulneamtului.ro\/index.php\/wp-json\/wp\/v2\/tags?post=369"}],"curies":[{"name":"wp","href":"https:\/\/api.w.org\/{rel}","templated":true}]}}