{"id":33,"date":"2022-03-19T19:27:26","date_gmt":"2022-03-19T19:27:26","guid":{"rendered":"http:\/\/tinutulneamtului.ro\/?p=33"},"modified":"2022-03-19T19:27:27","modified_gmt":"2022-03-19T19:27:27","slug":"la-party-media-studio","status":"publish","type":"post","link":"https:\/\/tinutulneamtului.ro\/index.php\/2022\/03\/19\/la-party-media-studio\/","title":{"rendered":"La Party Media Studio"},"content":{"rendered":"\n<p>O reprezentare a noastr\u0103 \u00eentr-o manier\u0103&#8230;patriotic\u0103, \u00eentr-o emisiune realizata de Lumina Cuv\u00e2ntului \u00een parteneriat cu Party Media Studio cu ocazia Unirii Principatelor Rom\u00e2ne<\/p>\n\n\n\n<figure class=\"wp-block-embed is-type-video is-provider-youtube wp-block-embed-youtube wp-embed-aspect-16-9 wp-has-aspect-ratio\"><div class=\"wp-block-embed__wrapper\">\n<iframe loading=\"lazy\" title=\"Grupul Vocal Tradi\u021bional R\u0103d\u0103cini - M\u0103i rom\u00e2ne, rom\u00e2na\u0219 | Party Media Studio\" width=\"640\" height=\"360\" src=\"https:\/\/www.youtube.com\/embed\/LPQuGhEPmtM?feature=oembed\" frameborder=\"0\" allow=\"accelerometer; autoplay; clipboard-write; encrypted-media; gyroscope; picture-in-picture; web-share\" referrerpolicy=\"strict-origin-when-cross-origin\" allowfullscreen><\/iframe>\n<\/div><\/figure>\n","protected":false},"excerpt":{"rendered":"<p>O reprezentare a noastr\u0103 \u00eentr-o manier\u0103&#8230;patriotic\u0103, \u00eentr-o emisiune realizata de Lumina Cuv\u00e2ntului \u00een parteneriat cu Party Media Studio cu ocazia [&hellip;]<\/p>\n","protected":false},"author":1,"featured_media":34,"comment_status":"open","ping_status":"open","sticky":false,"template":"","format":"standard","meta":{"_seopress_robots_primary_cat":"","_seopress_titles_title":"","_seopress_titles_desc":"","_seopress_robots_index":"","_monsterinsights_skip_tracking":false,"_monsterinsights_sitenote_active":false,"_monsterinsights_sitenote_note":"","_monsterinsights_sitenote_category":0,"footnotes":""},"categories":[4],"tags":[],"class_list":["post-33","post","type-post","status-publish","format-standard","has-post-thumbnail","hentry","category-aparitii-tv"],"_links":{"self":[{"href":"https:\/\/tinutulneamtului.ro\/index.php\/wp-json\/wp\/v2\/posts\/33","targetHints":{"allow":["GET"]}}],"collection":[{"href":"https:\/\/tinutulneamtului.ro\/index.php\/wp-json\/wp\/v2\/posts"}],"about":[{"href":"https:\/\/tinutulneamtului.ro\/index.php\/wp-json\/wp\/v2\/types\/post"}],"author":[{"embeddable":true,"href":"https:\/\/tinutulneamtului.ro\/index.php\/wp-json\/wp\/v2\/users\/1"}],"replies":[{"embeddable":true,"href":"https:\/\/tinutulneamtului.ro\/index.php\/wp-json\/wp\/v2\/comments?post=33"}],"version-history":[{"count":1,"href":"https:\/\/tinutulneamtului.ro\/index.php\/wp-json\/wp\/v2\/posts\/33\/revisions"}],"predecessor-version":[{"id":35,"href":"https:\/\/tinutulneamtului.ro\/index.php\/wp-json\/wp\/v2\/posts\/33\/revisions\/35"}],"wp:featuredmedia":[{"embeddable":true,"href":"https:\/\/tinutulneamtului.ro\/index.php\/wp-json\/wp\/v2\/media\/34"}],"wp:attachment":[{"href":"https:\/\/tinutulneamtului.ro\/index.php\/wp-json\/wp\/v2\/media?parent=33"}],"wp:term":[{"taxonomy":"category","embeddable":true,"href":"https:\/\/tinutulneamtului.ro\/index.php\/wp-json\/wp\/v2\/categories?post=33"},{"taxonomy":"post_tag","embeddable":true,"href":"https:\/\/tinutulneamtului.ro\/index.php\/wp-json\/wp\/v2\/tags?post=33"}],"curies":[{"name":"wp","href":"https:\/\/api.w.org\/{rel}","templated":true}]}}