{"id":272,"date":"2023-12-06T19:38:54","date_gmt":"2023-12-06T19:38:54","guid":{"rendered":"https:\/\/tinutulneamtului.ro\/?p=272"},"modified":"2023-12-06T19:38:55","modified_gmt":"2023-12-06T19:38:55","slug":"continuam-repetitiile","status":"publish","type":"post","link":"https:\/\/tinutulneamtului.ro\/index.php\/2023\/12\/06\/continuam-repetitiile\/","title":{"rendered":"Continuam repetitiile"},"content":{"rendered":"\n<p>Continu\u0103m repeti\u021biile muzicale, cu mult drag pentru c\u00e2ntul \u0219i graiul nostru rom\u00e2nesc!Prin acest minunat proiect, am avut bucuria de a descoperii copiii frumo\u0219i din satul B\u0103l\u0103ceanca, jude\u021bul Ilfov, dornici de a c\u00e2nta \u0219i a duce mai departe c\u00e2ntecul popular rom\u00e2nesc.\u00cen doar 3 s\u0103pt\u0103m\u00e2ni, 30 de copii din cadrul \u0218colii Gimnaziale Num\u0103rul 3 B\u0103l\u0103ceanca, Ilfov, partener\u0103 a proiectului nostru, au reu\u0219it performan\u021ba de a contura un frumos repertoriu de piese de muzic\u0103 popular\u0103. Ve\u021bi avea pl\u0103cerea de auzi acest repertoriu \u00een cadrul Concertului de muzic\u0103 popular\u0103 \u0219i patriotic\u0103 \u201ePunte peste veacuri\u201d, ce se va derula pe data de 3 decembrie la C\u0103minul Cultural din satul B\u0103l\u0103ceanca.V\u0103 a\u0219tept\u0103m cu drag s\u0103 v\u0103 bucura\u021bi de aceste momente minunate!Proiectul \u201ePunte peste veacuri\u201d este finan\u021bat prin programul <a href=\"https:\/\/www.facebook.com\/startongromania?__cft__[0]=AZWXo0qM_15lx8Ghk6V7CZ1GgmCyR6YrU3M8hXWlGHADfqVEfpTqZIUN89_RwY_nOJVY168rOk-_xbZ7QJverGS68COVpzbioNZQKnKtVn13OVtd9VJFrp2mj_n3uV2QLkfcWDCOyIhsY65WRXCFnntvscP1eyJlv91gZC98PIn7sma_c1UGstg7g4Y_aAzqxL4&amp;__tn__=-]K-R\">Start ONG<\/a>, lansat de <a href=\"https:\/\/www.facebook.com\/kaufland.romania?__cft__[0]=AZWXo0qM_15lx8Ghk6V7CZ1GgmCyR6YrU3M8hXWlGHADfqVEfpTqZIUN89_RwY_nOJVY168rOk-_xbZ7QJverGS68COVpzbioNZQKnKtVn13OVtd9VJFrp2mj_n3uV2QLkfcWDCOyIhsY65WRXCFnntvscP1eyJlv91gZC98PIn7sma_c1UGstg7g4Y_aAzqxL4&amp;__tn__=-]K-R\">Kaufland Romania<\/a> \u0219i implementat de <a href=\"https:\/\/www.facebook.com\/ActforTomorrow?__cft__[0]=AZWXo0qM_15lx8Ghk6V7CZ1GgmCyR6YrU3M8hXWlGHADfqVEfpTqZIUN89_RwY_nOJVY168rOk-_xbZ7QJverGS68COVpzbioNZQKnKtVn13OVtd9VJFrp2mj_n3uV2QLkfcWDCOyIhsY65WRXCFnntvscP1eyJlv91gZC98PIn7sma_c1UGstg7g4Y_aAzqxL4&amp;__tn__=-]K-R\">Act for Tomorrow<\/a>.<a href=\"https:\/\/www.facebook.com\/hashtag\/startong?__eep__=6&amp;__cft__[0]=AZWXo0qM_15lx8Ghk6V7CZ1GgmCyR6YrU3M8hXWlGHADfqVEfpTqZIUN89_RwY_nOJVY168rOk-_xbZ7QJverGS68COVpzbioNZQKnKtVn13OVtd9VJFrp2mj_n3uV2QLkfcWDCOyIhsY65WRXCFnntvscP1eyJlv91gZC98PIn7sma_c1UGstg7g4Y_aAzqxL4&amp;__tn__=*NK-R\">#StartONG<\/a><a href=\"https:\/\/www.facebook.com\/hashtag\/implicareafacediferenta?__eep__=6&amp;__cft__[0]=AZWXo0qM_15lx8Ghk6V7CZ1GgmCyR6YrU3M8hXWlGHADfqVEfpTqZIUN89_RwY_nOJVY168rOk-_xbZ7QJverGS68COVpzbioNZQKnKtVn13OVtd9VJFrp2mj_n3uV2QLkfcWDCOyIhsY65WRXCFnntvscP1eyJlv91gZC98PIn7sma_c1UGstg7g4Y_aAzqxL4&amp;__tn__=*NK-R\">#ImplicareaFaceDiferenta<\/a><a href=\"https:\/\/www.facebook.com\/hashtag\/kauflandromania?__eep__=6&amp;__cft__[0]=AZWXo0qM_15lx8Ghk6V7CZ1GgmCyR6YrU3M8hXWlGHADfqVEfpTqZIUN89_RwY_nOJVY168rOk-_xbZ7QJverGS68COVpzbioNZQKnKtVn13OVtd9VJFrp2mj_n3uV2QLkfcWDCOyIhsY65WRXCFnntvscP1eyJlv91gZC98PIn7sma_c1UGstg7g4Y_aAzqxL4&amp;__tn__=*NK-R\">#KauflandRomania<\/a><a href=\"https:\/\/www.facebook.com\/hashtag\/actfortomorrow?__eep__=6&amp;__cft__[0]=AZWXo0qM_15lx8Ghk6V7CZ1GgmCyR6YrU3M8hXWlGHADfqVEfpTqZIUN89_RwY_nOJVY168rOk-_xbZ7QJverGS68COVpzbioNZQKnKtVn13OVtd9VJFrp2mj_n3uV2QLkfcWDCOyIhsY65WRXCFnntvscP1eyJlv91gZC98PIn7sma_c1UGstg7g4Y_aAzqxL4&amp;__tn__=*NK-R\">#ActForTomorrow<\/a><\/p>\n\n\n\n<figure class=\"wp-block-gallery has-nested-images columns-default is-cropped wp-block-gallery-1 is-layout-flex wp-block-gallery-is-layout-flex\">\n<figure class=\"wp-block-image size-large\"><img loading=\"lazy\" decoding=\"async\" width=\"1024\" height=\"1024\" data-id=\"277\" src=\"https:\/\/tinutulneamtului.ro\/wp-content\/uploads\/2023\/12\/Foto-4-Postare-2-1024x1024.jpeg\" alt=\"\" class=\"wp-image-277\" srcset=\"https:\/\/tinutulneamtului.ro\/wp-content\/uploads\/2023\/12\/Foto-4-Postare-2-1024x1024.jpeg 1024w, https:\/\/tinutulneamtului.ro\/wp-content\/uploads\/2023\/12\/Foto-4-Postare-2-300x300.jpeg 300w, https:\/\/tinutulneamtului.ro\/wp-content\/uploads\/2023\/12\/Foto-4-Postare-2-150x150.jpeg 150w, https:\/\/tinutulneamtului.ro\/wp-content\/uploads\/2023\/12\/Foto-4-Postare-2-768x768.jpeg 768w, https:\/\/tinutulneamtului.ro\/wp-content\/uploads\/2023\/12\/Foto-4-Postare-2.jpeg 1080w\" sizes=\"auto, (max-width: 1024px) 100vw, 1024px\" \/><\/figure>\n\n\n\n<figure class=\"wp-block-image size-large\"><img loading=\"lazy\" decoding=\"async\" width=\"1024\" height=\"1024\" data-id=\"276\" src=\"https:\/\/tinutulneamtului.ro\/wp-content\/uploads\/2023\/12\/Foto-3-Postare-2-1024x1024.jpeg\" alt=\"\" class=\"wp-image-276\" srcset=\"https:\/\/tinutulneamtului.ro\/wp-content\/uploads\/2023\/12\/Foto-3-Postare-2-1024x1024.jpeg 1024w, https:\/\/tinutulneamtului.ro\/wp-content\/uploads\/2023\/12\/Foto-3-Postare-2-300x300.jpeg 300w, https:\/\/tinutulneamtului.ro\/wp-content\/uploads\/2023\/12\/Foto-3-Postare-2-150x150.jpeg 150w, https:\/\/tinutulneamtului.ro\/wp-content\/uploads\/2023\/12\/Foto-3-Postare-2-768x768.jpeg 768w, https:\/\/tinutulneamtului.ro\/wp-content\/uploads\/2023\/12\/Foto-3-Postare-2.jpeg 1080w\" sizes=\"auto, (max-width: 1024px) 100vw, 1024px\" \/><\/figure>\n\n\n\n<figure class=\"wp-block-image size-large\"><img loading=\"lazy\" decoding=\"async\" width=\"1024\" height=\"1024\" data-id=\"278\" src=\"https:\/\/tinutulneamtului.ro\/wp-content\/uploads\/2023\/12\/Foto-2-Postare-2-1024x1024.jpeg\" alt=\"\" class=\"wp-image-278\" srcset=\"https:\/\/tinutulneamtului.ro\/wp-content\/uploads\/2023\/12\/Foto-2-Postare-2-1024x1024.jpeg 1024w, https:\/\/tinutulneamtului.ro\/wp-content\/uploads\/2023\/12\/Foto-2-Postare-2-300x300.jpeg 300w, https:\/\/tinutulneamtului.ro\/wp-content\/uploads\/2023\/12\/Foto-2-Postare-2-150x150.jpeg 150w, https:\/\/tinutulneamtului.ro\/wp-content\/uploads\/2023\/12\/Foto-2-Postare-2-768x768.jpeg 768w, https:\/\/tinutulneamtului.ro\/wp-content\/uploads\/2023\/12\/Foto-2-Postare-2.jpeg 1080w\" sizes=\"auto, (max-width: 1024px) 100vw, 1024px\" \/><\/figure>\n\n\n\n<figure class=\"wp-block-image size-large\"><img loading=\"lazy\" decoding=\"async\" width=\"1024\" height=\"1024\" data-id=\"275\" src=\"https:\/\/tinutulneamtului.ro\/wp-content\/uploads\/2023\/12\/Foto-1-Postare-2-1024x1024.jpeg\" alt=\"\" class=\"wp-image-275\" srcset=\"https:\/\/tinutulneamtului.ro\/wp-content\/uploads\/2023\/12\/Foto-1-Postare-2-1024x1024.jpeg 1024w, https:\/\/tinutulneamtului.ro\/wp-content\/uploads\/2023\/12\/Foto-1-Postare-2-300x300.jpeg 300w, https:\/\/tinutulneamtului.ro\/wp-content\/uploads\/2023\/12\/Foto-1-Postare-2-150x150.jpeg 150w, https:\/\/tinutulneamtului.ro\/wp-content\/uploads\/2023\/12\/Foto-1-Postare-2-768x768.jpeg 768w, https:\/\/tinutulneamtului.ro\/wp-content\/uploads\/2023\/12\/Foto-1-Postare-2.jpeg 1080w\" sizes=\"auto, (max-width: 1024px) 100vw, 1024px\" \/><\/figure>\n<\/figure>\n","protected":false},"excerpt":{"rendered":"<p>Continu\u0103m repeti\u021biile muzicale, cu mult drag pentru c\u00e2ntul \u0219i graiul nostru rom\u00e2nesc!Prin acest minunat proiect, am avut bucuria de a [&hellip;]<\/p>\n","protected":false},"author":1,"featured_media":275,"comment_status":"open","ping_status":"open","sticky":false,"template":"","format":"standard","meta":{"_seopress_robots_primary_cat":"none","_seopress_titles_title":"","_seopress_titles_desc":"","_seopress_robots_index":"","_monsterinsights_skip_tracking":false,"_monsterinsights_sitenote_active":false,"_monsterinsights_sitenote_note":"","_monsterinsights_sitenote_category":0,"footnotes":""},"categories":[9],"tags":[],"class_list":["post-272","post","type-post","status-publish","format-standard","has-post-thumbnail","hentry","category-proiecte"],"_links":{"self":[{"href":"https:\/\/tinutulneamtului.ro\/index.php\/wp-json\/wp\/v2\/posts\/272","targetHints":{"allow":["GET"]}}],"collection":[{"href":"https:\/\/tinutulneamtului.ro\/index.php\/wp-json\/wp\/v2\/posts"}],"about":[{"href":"https:\/\/tinutulneamtului.ro\/index.php\/wp-json\/wp\/v2\/types\/post"}],"author":[{"embeddable":true,"href":"https:\/\/tinutulneamtului.ro\/index.php\/wp-json\/wp\/v2\/users\/1"}],"replies":[{"embeddable":true,"href":"https:\/\/tinutulneamtului.ro\/index.php\/wp-json\/wp\/v2\/comments?post=272"}],"version-history":[{"count":1,"href":"https:\/\/tinutulneamtului.ro\/index.php\/wp-json\/wp\/v2\/posts\/272\/revisions"}],"predecessor-version":[{"id":279,"href":"https:\/\/tinutulneamtului.ro\/index.php\/wp-json\/wp\/v2\/posts\/272\/revisions\/279"}],"wp:featuredmedia":[{"embeddable":true,"href":"https:\/\/tinutulneamtului.ro\/index.php\/wp-json\/wp\/v2\/media\/275"}],"wp:attachment":[{"href":"https:\/\/tinutulneamtului.ro\/index.php\/wp-json\/wp\/v2\/media?parent=272"}],"wp:term":[{"taxonomy":"category","embeddable":true,"href":"https:\/\/tinutulneamtului.ro\/index.php\/wp-json\/wp\/v2\/categories?post=272"},{"taxonomy":"post_tag","embeddable":true,"href":"https:\/\/tinutulneamtului.ro\/index.php\/wp-json\/wp\/v2\/tags?post=272"}],"curies":[{"name":"wp","href":"https:\/\/api.w.org\/{rel}","templated":true}]}}