{"id":255,"date":"2023-11-14T19:47:26","date_gmt":"2023-11-14T19:47:26","guid":{"rendered":"https:\/\/tinutulneamtului.ro\/?p=255"},"modified":"2023-11-14T19:48:19","modified_gmt":"2023-11-14T19:48:19","slug":"proiect-punte-peste-veacuri","status":"publish","type":"post","link":"https:\/\/tinutulneamtului.ro\/index.php\/2023\/11\/14\/proiect-punte-peste-veacuri\/","title":{"rendered":"Proiect &#8220;Punte peste veacuri&#8221;"},"content":{"rendered":"\n<p>Cu mare bucurie, Asocia\u021bia Cultural\u0103 \u021ainutul Neam\u021bului v\u0103 aduce vestea c\u0103 proiectul nostru &#8220;Punte peste veacuri&#8221; a pornit la drum! Suntem entuziasma\u021bi s\u0103 \u00eemp\u0103rt\u0103\u0219im aceast\u0103 incitant\u0103 ini\u021biativ\u0103 dedicat\u0103 promov\u0103rii folclorului \u0219i tradi\u021biilor rom\u00e2ne\u0219ti \u00een r\u00e2ndul copiilor de la sate.<\/p>\n\n\n\n<p>&nbsp;Ce presupune proiectul?<\/p>\n\n\n\n<p>Un grup de 30 de copii din satul B\u0103l\u0103ceanca, jude\u021bul Ilfov, va avea ocazia unic\u0103 de a participa la cursuri gratuite de canto popular, desf\u0103\u0219urate pe parcursul a trei luni. Aceste cursuri, sus\u021binute de c\u0103tre profesioni\u0219ti \u00een domeniu, vor acoperi o gam\u0103 variat\u0103 de subgenuri ale folclorului rom\u00e2nesc, oferindu-le copiilor o experien\u021b\u0103 muzical\u0103 \u0219i cultural\u0103 captivant\u0103.<\/p>\n\n\n\n<p>&nbsp;De ce este important proiectul &#8220;Punte peste veacuri&#8221;?<\/p>\n\n\n\n<p>Proiectul nostru nu \u00eencurajeaz\u0103 doar dezvoltarea abilit\u0103\u021bilor muzicale, ci contribuie \u0219i la consolidarea identit\u0103\u021bii culturale a comunit\u0103\u021bii din B\u0103l\u0103ceanca \u0219i din \u00eentreaga regiune. Acesta ofer\u0103 copiilor o oportunitate nepre\u021buit\u0103 de a \u00eenv\u0103\u021ba \u0219i de a p\u0103stra tradi\u021biile \u0219i valorile noastre culturale autentice.<\/p>\n\n\n\n<p>Proiectul \u201cPunte peste veacuri\u201d este finan\u021bat prin programul <a href=\"https:\/\/www.facebook.com\/startongromania?__cft__%5b0%5d=AZW8mx7m90GchUIwZXDjEoOfEyklohUi_O9V84d2xImwOFMUCEGaSHcsDhOel0BwMS1Hcd3cWcDPHOqEoTP_S0vMDLS74CrFX0crxfbS13WiN4wrMcyEoLAyTbrmoG5xI3bZwp0aHv08zh_gBoUDNKt-bc4ZDAPL_9aVMoR5A-mLDnUZPq_xKIsL10-Nk6kGHAo&amp;__tn__=-%5dK-R\">Start ONG<\/a>, lansat de <a href=\"https:\/\/www.facebook.com\/kaufland.romania?__cft__%5b0%5d=AZW8mx7m90GchUIwZXDjEoOfEyklohUi_O9V84d2xImwOFMUCEGaSHcsDhOel0BwMS1Hcd3cWcDPHOqEoTP_S0vMDLS74CrFX0crxfbS13WiN4wrMcyEoLAyTbrmoG5xI3bZwp0aHv08zh_gBoUDNKt-bc4ZDAPL_9aVMoR5A-mLDnUZPq_xKIsL10-Nk6kGHAo&amp;__tn__=-%5dK-R\">Kaufland Romania<\/a> \u0219i implementat de <a href=\"https:\/\/www.facebook.com\/ActforTomorrow?__cft__%5b0%5d=AZW8mx7m90GchUIwZXDjEoOfEyklohUi_O9V84d2xImwOFMUCEGaSHcsDhOel0BwMS1Hcd3cWcDPHOqEoTP_S0vMDLS74CrFX0crxfbS13WiN4wrMcyEoLAyTbrmoG5xI3bZwp0aHv08zh_gBoUDNKt-bc4ZDAPL_9aVMoR5A-mLDnUZPq_xKIsL10-Nk6kGHAo&amp;__tn__=-%5dK-R\">Act for Tomorrow<\/a>.<\/p>\n\n\n\n<p>#StartONG&nbsp; #ImplicareaFaceDiferenta #KauflandRomania&nbsp; #ActforTomorrow.<\/p>\n","protected":false},"excerpt":{"rendered":"<p>Cu mare bucurie, Asocia\u021bia Cultural\u0103 \u021ainutul Neam\u021bului v\u0103 aduce vestea c\u0103 proiectul nostru &#8220;Punte peste veacuri&#8221; a pornit la drum! [&hellip;]<\/p>\n","protected":false},"author":1,"featured_media":258,"comment_status":"open","ping_status":"open","sticky":false,"template":"","format":"standard","meta":{"_seopress_robots_primary_cat":"none","_seopress_titles_title":"","_seopress_titles_desc":"","_seopress_robots_index":"","_monsterinsights_skip_tracking":false,"_monsterinsights_sitenote_active":false,"_monsterinsights_sitenote_note":"","_monsterinsights_sitenote_category":0,"footnotes":""},"categories":[9],"tags":[],"class_list":["post-255","post","type-post","status-publish","format-standard","has-post-thumbnail","hentry","category-proiecte"],"_links":{"self":[{"href":"https:\/\/tinutulneamtului.ro\/index.php\/wp-json\/wp\/v2\/posts\/255","targetHints":{"allow":["GET"]}}],"collection":[{"href":"https:\/\/tinutulneamtului.ro\/index.php\/wp-json\/wp\/v2\/posts"}],"about":[{"href":"https:\/\/tinutulneamtului.ro\/index.php\/wp-json\/wp\/v2\/types\/post"}],"author":[{"embeddable":true,"href":"https:\/\/tinutulneamtului.ro\/index.php\/wp-json\/wp\/v2\/users\/1"}],"replies":[{"embeddable":true,"href":"https:\/\/tinutulneamtului.ro\/index.php\/wp-json\/wp\/v2\/comments?post=255"}],"version-history":[{"count":1,"href":"https:\/\/tinutulneamtului.ro\/index.php\/wp-json\/wp\/v2\/posts\/255\/revisions"}],"predecessor-version":[{"id":259,"href":"https:\/\/tinutulneamtului.ro\/index.php\/wp-json\/wp\/v2\/posts\/255\/revisions\/259"}],"wp:featuredmedia":[{"embeddable":true,"href":"https:\/\/tinutulneamtului.ro\/index.php\/wp-json\/wp\/v2\/media\/258"}],"wp:attachment":[{"href":"https:\/\/tinutulneamtului.ro\/index.php\/wp-json\/wp\/v2\/media?parent=255"}],"wp:term":[{"taxonomy":"category","embeddable":true,"href":"https:\/\/tinutulneamtului.ro\/index.php\/wp-json\/wp\/v2\/categories?post=255"},{"taxonomy":"post_tag","embeddable":true,"href":"https:\/\/tinutulneamtului.ro\/index.php\/wp-json\/wp\/v2\/tags?post=255"}],"curies":[{"name":"wp","href":"https:\/\/api.w.org\/{rel}","templated":true}]}}