{"id":16,"date":"2022-03-19T19:10:22","date_gmt":"2022-03-19T19:10:22","guid":{"rendered":"http:\/\/tinutulneamtului.ro\/?p=16"},"modified":"2022-03-19T19:11:57","modified_gmt":"2022-03-19T19:11:57","slug":"cu-grupul-traditional-radacini-la-etno-tv","status":"publish","type":"post","link":"https:\/\/tinutulneamtului.ro\/index.php\/2022\/03\/19\/cu-grupul-traditional-radacini-la-etno-tv\/","title":{"rendered":"Cu Grupul Traditional Radacini la Etno tv"},"content":{"rendered":"\n<p>Presta\u021bia noastr\u0103 \u00een cadrul emisiunii &#8220;R\u0103m\u0103\u0219ag pe folclor&#8221;(moderat\u0103 de Georgel Nuc\u0103 -ETNO TV)<img loading=\"lazy\" decoding=\"async\" height=\"16\" width=\"16\" src=\"https:\/\/static.xx.fbcdn.net\/images\/emoji.php\/v9\/t78\/1.5\/16\/1f3b6.png\" alt=\"\ud83c\udfb6\"><img loading=\"lazy\" decoding=\"async\" height=\"16\" width=\"16\" src=\"https:\/\/static.xx.fbcdn.net\/images\/emoji.php\/v9\/t78\/1.5\/16\/1f3b6.png\" alt=\"\ud83c\udfb6\">Grupul tradi\u021bional &#8220;R\u0103d\u0103cini&#8221; este un grup nou format din tinere interprete de folclor din toate zonele \u021b\u0103rii, eleve ale C.N.A &#8220;Dinu Lipatti&#8221;, av\u00e2nd ca \u0219i coordonator pe prof. Urjan Ana Ramona. Soli\u0219tii grupului fiind: Urjan Ana Ramona , Ioana Cojocariu, Adela Stoica, Oprea Andreea, Karina Cobuleanu, Miruna B\u0103lan \u0219i M\u0103lina Boricean.<img loading=\"lazy\" decoding=\"async\" height=\"16\" width=\"16\" src=\"https:\/\/static.xx.fbcdn.net\/images\/emoji.php\/v9\/tf3\/1.5\/16\/2764.png\" alt=\"\u2764\ufe0f\"><img loading=\"lazy\" decoding=\"async\" height=\"16\" width=\"16\" src=\"https:\/\/static.xx.fbcdn.net\/images\/emoji.php\/v9\/t25\/1.5\/16\/1f3bc.png\" alt=\"\ud83c\udfbc\">SOLI\u0218TI COLABORATORI:Andreea Vi\u0219an \u0219i Georgiana Aurica.<\/p>\n\n\n\n<figure class=\"wp-block-video\"><video controls src=\"http:\/\/tinutulneamtului.ro\/wp-content\/uploads\/2022\/03\/10000000_1573028949574587_266223000911355460_n.mp4\"><\/video><\/figure>\n","protected":false},"excerpt":{"rendered":"<p>Presta\u021bia noastr\u0103 \u00een cadrul emisiunii &#8220;R\u0103m\u0103\u0219ag pe folclor&#8221;(moderat\u0103 de Georgel Nuc\u0103 -ETNO TV)Grupul tradi\u021bional &#8220;R\u0103d\u0103cini&#8221; este un grup nou format [&hellip;]<\/p>\n","protected":false},"author":1,"featured_media":18,"comment_status":"open","ping_status":"open","sticky":false,"template":"","format":"standard","meta":{"_seopress_robots_primary_cat":"","_seopress_titles_title":"","_seopress_titles_desc":"","_seopress_robots_index":"","_monsterinsights_skip_tracking":false,"_monsterinsights_sitenote_active":false,"_monsterinsights_sitenote_note":"","_monsterinsights_sitenote_category":0,"footnotes":""},"categories":[4],"tags":[],"class_list":["post-16","post","type-post","status-publish","format-standard","has-post-thumbnail","hentry","category-aparitii-tv"],"_links":{"self":[{"href":"https:\/\/tinutulneamtului.ro\/index.php\/wp-json\/wp\/v2\/posts\/16","targetHints":{"allow":["GET"]}}],"collection":[{"href":"https:\/\/tinutulneamtului.ro\/index.php\/wp-json\/wp\/v2\/posts"}],"about":[{"href":"https:\/\/tinutulneamtului.ro\/index.php\/wp-json\/wp\/v2\/types\/post"}],"author":[{"embeddable":true,"href":"https:\/\/tinutulneamtului.ro\/index.php\/wp-json\/wp\/v2\/users\/1"}],"replies":[{"embeddable":true,"href":"https:\/\/tinutulneamtului.ro\/index.php\/wp-json\/wp\/v2\/comments?post=16"}],"version-history":[{"count":1,"href":"https:\/\/tinutulneamtului.ro\/index.php\/wp-json\/wp\/v2\/posts\/16\/revisions"}],"predecessor-version":[{"id":19,"href":"https:\/\/tinutulneamtului.ro\/index.php\/wp-json\/wp\/v2\/posts\/16\/revisions\/19"}],"wp:featuredmedia":[{"embeddable":true,"href":"https:\/\/tinutulneamtului.ro\/index.php\/wp-json\/wp\/v2\/media\/18"}],"wp:attachment":[{"href":"https:\/\/tinutulneamtului.ro\/index.php\/wp-json\/wp\/v2\/media?parent=16"}],"wp:term":[{"taxonomy":"category","embeddable":true,"href":"https:\/\/tinutulneamtului.ro\/index.php\/wp-json\/wp\/v2\/categories?post=16"},{"taxonomy":"post_tag","embeddable":true,"href":"https:\/\/tinutulneamtului.ro\/index.php\/wp-json\/wp\/v2\/tags?post=16"}],"curies":[{"name":"wp","href":"https:\/\/api.w.org\/{rel}","templated":true}]}}