{"id":116,"date":"2023-03-28T04:42:52","date_gmt":"2023-03-28T04:42:52","guid":{"rendered":"http:\/\/tinutulneamtului.ro\/?p=116"},"modified":"2023-03-28T04:42:53","modified_gmt":"2023-03-28T04:42:53","slug":"concurs-buna-vestire-25-martie-2023","status":"publish","type":"post","link":"https:\/\/tinutulneamtului.ro\/index.php\/2023\/03\/28\/concurs-buna-vestire-25-martie-2023\/","title":{"rendered":"Concurs &#8220;Buna vestire&#8221; 25 Martie 2023"},"content":{"rendered":"\n<p>Munca depusa alaturi de acesti copii minunati a dat roade si in cadrul concursului &#8220;Buna vestire&#8221; organizat de catre Palatul copiilor si guvernul romaniei!<\/p>\n\n\n\n<p>Copii ce \u0219i-au ridicat glasurile \u00een rug\u0103ciune prin c\u00e2ntec ast\u0103zi, \u00een zi de mare s\u0103rb\u0103toare! <\/p>\n\n\n\n<p>Maria Dragomir- Premiul I ( clasa a III a)<\/p>\n\n\n\n<p>Alexandra Gabor- Premiul I (clasa a VI a )<\/p>\n\n\n\n<p>Miruna Balan- premiul I ( clasa a XI-a)<\/p>\n\n\n\n<p>Ana Maria Serghie- Premiul II (clasa a VI a)<\/p>\n\n\n\n<p>Andreea Cristea- Premiul II ( clasa a a V a)<\/p>\n","protected":false},"excerpt":{"rendered":"<p>Munca depusa alaturi de acesti copii minunati a dat roade si in cadrul concursului &#8220;Buna vestire&#8221; organizat de catre Palatul [&hellip;]<\/p>\n","protected":false},"author":1,"featured_media":117,"comment_status":"open","ping_status":"open","sticky":false,"template":"","format":"standard","meta":{"_seopress_robots_primary_cat":"","_seopress_titles_title":"","_seopress_titles_desc":"","_seopress_robots_index":"","_monsterinsights_skip_tracking":false,"_monsterinsights_sitenote_active":false,"_monsterinsights_sitenote_note":"","_monsterinsights_sitenote_category":0,"footnotes":""},"categories":[13],"tags":[],"class_list":["post-116","post","type-post","status-publish","format-standard","has-post-thumbnail","hentry","category-noutati"],"_links":{"self":[{"href":"https:\/\/tinutulneamtului.ro\/index.php\/wp-json\/wp\/v2\/posts\/116","targetHints":{"allow":["GET"]}}],"collection":[{"href":"https:\/\/tinutulneamtului.ro\/index.php\/wp-json\/wp\/v2\/posts"}],"about":[{"href":"https:\/\/tinutulneamtului.ro\/index.php\/wp-json\/wp\/v2\/types\/post"}],"author":[{"embeddable":true,"href":"https:\/\/tinutulneamtului.ro\/index.php\/wp-json\/wp\/v2\/users\/1"}],"replies":[{"embeddable":true,"href":"https:\/\/tinutulneamtului.ro\/index.php\/wp-json\/wp\/v2\/comments?post=116"}],"version-history":[{"count":1,"href":"https:\/\/tinutulneamtului.ro\/index.php\/wp-json\/wp\/v2\/posts\/116\/revisions"}],"predecessor-version":[{"id":118,"href":"https:\/\/tinutulneamtului.ro\/index.php\/wp-json\/wp\/v2\/posts\/116\/revisions\/118"}],"wp:featuredmedia":[{"embeddable":true,"href":"https:\/\/tinutulneamtului.ro\/index.php\/wp-json\/wp\/v2\/media\/117"}],"wp:attachment":[{"href":"https:\/\/tinutulneamtului.ro\/index.php\/wp-json\/wp\/v2\/media?parent=116"}],"wp:term":[{"taxonomy":"category","embeddable":true,"href":"https:\/\/tinutulneamtului.ro\/index.php\/wp-json\/wp\/v2\/categories?post=116"},{"taxonomy":"post_tag","embeddable":true,"href":"https:\/\/tinutulneamtului.ro\/index.php\/wp-json\/wp\/v2\/tags?post=116"}],"curies":[{"name":"wp","href":"https:\/\/api.w.org\/{rel}","templated":true}]}}